{"id":1052,"date":"2015-09-24T20:26:53","date_gmt":"2015-09-24T18:26:53","guid":{"rendered":"http:\/\/thomasdt.com\/?p=1052"},"modified":"2015-09-24T20:26:53","modified_gmt":"2015-09-24T18:26:53","slug":"le-savoir-contenu-dans-les-fmea-amdec","status":"publish","type":"post","link":"https:\/\/rationalk.ch\/blog\/le-savoir-contenu-dans-les-fmea-amdec\/","title":{"rendered":"Le savoir contenu dans les FMEA (AMDEC)"},"content":{"rendered":"<p>La derni\u00e8re version de la suite <a href=\"http:\/\/rationalK.ch\">rationalK<\/a>, logiciel de gestion de la connaissance pour les pme permet aux utilisateurs de capitaliser le savoir contenu dans les FMEA (ou AMDEC en fran\u00e7ais).<\/p>\n<p>Les FMEA (process et design) sont un recueil de toutes les lessons apprises par la soci\u00e9t\u00e9. Cela \u00e0 condition de contourner les probl\u00e8mes suivants :<\/p>\n<ul>\n<li>La FMEA d&rsquo;un produit est sauvegard\u00e9 dans un fichier excel perdu au fin fond des sous-dossiers windows.<\/li>\n<li>Si la FMEA du produit est mise \u00e0 jour, le fonctionnement avec fichier excel rend tr\u00e8s fastidieux la mise \u00e0 jour des autres produits similaires<\/li>\n<\/ul>\n<p>Le module FMEA pour rationalK vous apporte les solutions suivantes :<\/p>\n<ul>\n<li>Importez en deux clics vos FMEA de base (aussi appel\u00e9es FMEA g\u00e9n\u00e9rique ou core FMEA)<\/li>\n<li>Les \u00e9l\u00e9ments de la FMEA sont sauvegard\u00e9 dans la base de donn\u00e9e ce qui vous permet de rechercher \u00e0 la google \u00e0 travers les entr\u00e9es de cette base<\/li>\n<li>A partir d&rsquo;une FMEA g\u00e9n\u00e9rique, vous pouvez en 4 clics, exportez une FMEA sp\u00e9cifique pour un produit particulier en se basant sur les similarit\u00e9s de production et de design<\/li>\n<\/ul>\n<p>Toutes les informations sur <a href=\"http:\/\/rationalk.ch\">rationalk.ch<\/a>.<br \/>\n<a href=\"https:\/\/atmospherejs.com\/rationalk\">T\u00e9l\u00e9charger rationalK et le module FMEA<\/a>.<\/p>\n<p>Le logiciel est open-source, donc vos commentaires et contributions sont les bienvenus.<\/p>\n","protected":false},"excerpt":{"rendered":"<p>La derni\u00e8re version de la suite rationalK, logiciel de gestion de la connaissance pour les pme permet aux utilisateurs de capitaliser le savoir contenu dans les FMEA (ou AMDEC en fran\u00e7ais). Les FMEA (process et design) sont un recueil de toutes les lessons apprises par la soci\u00e9t\u00e9. Cela \u00e0 condition de contourner les probl\u00e8mes suivants [&hellip;]<\/p>\n","protected":false},"author":1,"featured_media":0,"comment_status":"closed","ping_status":"closed","sticky":false,"template":"","format":"standard","meta":{"_jetpack_memberships_contains_paid_content":false,"footnotes":"","jetpack_publicize_message":"","jetpack_publicize_feature_enabled":true,"jetpack_social_post_already_shared":true,"jetpack_social_options":{"image_generator_settings":{"template":"highway","default_image_id":0,"enabled":false},"version":2}},"categories":[3],"tags":[],"class_list":["post-1052","post","type-post","status-publish","format-standard","hentry","category-lifestyle"],"jetpack_publicize_connections":[],"jetpack_featured_media_url":"","jetpack_sharing_enabled":true,"jetpack-related-posts":[],"_links":{"self":[{"href":"https:\/\/rationalk.ch\/blog\/wp-json\/wp\/v2\/posts\/1052","targetHints":{"allow":["GET"]}}],"collection":[{"href":"https:\/\/rationalk.ch\/blog\/wp-json\/wp\/v2\/posts"}],"about":[{"href":"https:\/\/rationalk.ch\/blog\/wp-json\/wp\/v2\/types\/post"}],"author":[{"embeddable":true,"href":"https:\/\/rationalk.ch\/blog\/wp-json\/wp\/v2\/users\/1"}],"replies":[{"embeddable":true,"href":"https:\/\/rationalk.ch\/blog\/wp-json\/wp\/v2\/comments?post=1052"}],"version-history":[{"count":0,"href":"https:\/\/rationalk.ch\/blog\/wp-json\/wp\/v2\/posts\/1052\/revisions"}],"wp:attachment":[{"href":"https:\/\/rationalk.ch\/blog\/wp-json\/wp\/v2\/media?parent=1052"}],"wp:term":[{"taxonomy":"category","embeddable":true,"href":"https:\/\/rationalk.ch\/blog\/wp-json\/wp\/v2\/categories?post=1052"},{"taxonomy":"post_tag","embeddable":true,"href":"https:\/\/rationalk.ch\/blog\/wp-json\/wp\/v2\/tags?post=1052"}],"curies":[{"name":"wp","href":"https:\/\/api.w.org\/{rel}","templated":true}]}}