{"id":1107,"date":"2017-05-07T21:44:22","date_gmt":"2017-05-07T19:44:22","guid":{"rendered":"http:\/\/thomasdt.com\/?p=1107"},"modified":"2017-05-07T21:44:22","modified_gmt":"2017-05-07T19:44:22","slug":"big-data-chez-jesa","status":"publish","type":"post","link":"https:\/\/rationalk.ch\/blog\/big-data-chez-jesa\/","title":{"rendered":"Big Data chez JESA"},"content":{"rendered":"<p>Le magazine de fribourg network 2017 vient de sortir. Voici l&rsquo;extrait concernant <a href=\"https:\/\/www.jesa.com\/\">JESA SA<\/a> et le big data :<\/p>\n<figure id=\"attachment_1108\" aria-describedby=\"caption-attachment-1108\" style=\"width: 654px\" class=\"wp-caption aligncenter\"><img data-recalc-dims=\"1\" loading=\"lazy\" decoding=\"async\" class=\" wp-image-1108\" src=\"https:\/\/i0.wp.com\/rationalk.ch\/blog\/wp-content\/uploads\/2017\/05\/Screenshot-2017-05-07-21.37.09.png?resize=580%2C237&#038;ssl=1\" alt=\"Big Data chez JESA SA\" width=\"580\" height=\"237\" srcset=\"https:\/\/i0.wp.com\/rationalk.ch\/blog\/wp-content\/uploads\/2017\/05\/Screenshot-2017-05-07-21.37.09.png?w=903&amp;ssl=1 903w, https:\/\/i0.wp.com\/rationalk.ch\/blog\/wp-content\/uploads\/2017\/05\/Screenshot-2017-05-07-21.37.09.png?resize=300%2C123&amp;ssl=1 300w, https:\/\/i0.wp.com\/rationalk.ch\/blog\/wp-content\/uploads\/2017\/05\/Screenshot-2017-05-07-21.37.09.png?resize=768%2C314&amp;ssl=1 768w\" sizes=\"auto, (max-width: 580px) 100vw, 580px\" \/><figcaption id=\"caption-attachment-1108\" class=\"wp-caption-text\">Big Data chez JESA SA<\/figcaption><\/figure>\n<p>T\u00e9l\u00e9chargez la version compl\u00e8te du magazine : <a href=\"http:\/\/fribourgnetwork.ch\">http:\/\/fribourgnetwork.ch<\/a><\/p>\n<p>En savoir plus sur la gestion des donn\u00e9es et du savoir de l&rsquo;entreprise : <a href=\"https:\/\/rationalk.ch\">https:\/\/rationalk.ch<\/a><\/p>\n<p>&nbsp;<\/p>\n","protected":false},"excerpt":{"rendered":"<p>Le magazine de fribourg network 2017 vient de sortir. Voici l&rsquo;extrait concernant JESA SA et le big data : T\u00e9l\u00e9chargez la version compl\u00e8te du magazine : http:\/\/fribourgnetwork.ch En savoir plus sur la gestion des donn\u00e9es et du savoir de l&rsquo;entreprise : https:\/\/rationalk.ch &nbsp;<\/p>\n","protected":false},"author":1,"featured_media":0,"comment_status":"closed","ping_status":"closed","sticky":false,"template":"","format":"standard","meta":{"_jetpack_memberships_contains_paid_content":false,"footnotes":"","jetpack_publicize_message":"","jetpack_publicize_feature_enabled":true,"jetpack_social_post_already_shared":true,"jetpack_social_options":{"image_generator_settings":{"template":"highway","default_image_id":0,"enabled":false},"version":2}},"categories":[5,6],"tags":[14,51],"class_list":["post-1107","post","type-post","status-publish","format-standard","hentry","category-project-management","category-rationalk","tag-big-data","tag-knowledge-management"],"jetpack_publicize_connections":[],"jetpack_featured_media_url":"","jetpack_sharing_enabled":true,"jetpack-related-posts":[],"_links":{"self":[{"href":"https:\/\/rationalk.ch\/blog\/wp-json\/wp\/v2\/posts\/1107","targetHints":{"allow":["GET"]}}],"collection":[{"href":"https:\/\/rationalk.ch\/blog\/wp-json\/wp\/v2\/posts"}],"about":[{"href":"https:\/\/rationalk.ch\/blog\/wp-json\/wp\/v2\/types\/post"}],"author":[{"embeddable":true,"href":"https:\/\/rationalk.ch\/blog\/wp-json\/wp\/v2\/users\/1"}],"replies":[{"embeddable":true,"href":"https:\/\/rationalk.ch\/blog\/wp-json\/wp\/v2\/comments?post=1107"}],"version-history":[{"count":0,"href":"https:\/\/rationalk.ch\/blog\/wp-json\/wp\/v2\/posts\/1107\/revisions"}],"wp:attachment":[{"href":"https:\/\/rationalk.ch\/blog\/wp-json\/wp\/v2\/media?parent=1107"}],"wp:term":[{"taxonomy":"category","embeddable":true,"href":"https:\/\/rationalk.ch\/blog\/wp-json\/wp\/v2\/categories?post=1107"},{"taxonomy":"post_tag","embeddable":true,"href":"https:\/\/rationalk.ch\/blog\/wp-json\/wp\/v2\/tags?post=1107"}],"curies":[{"name":"wp","href":"https:\/\/api.w.org\/{rel}","templated":true}]}}