{"id":1146,"date":"2017-12-15T11:59:52","date_gmt":"2017-12-15T09:59:52","guid":{"rendered":"https:\/\/thomasdt.com\/?p=1146"},"modified":"2017-12-15T11:59:52","modified_gmt":"2017-12-15T09:59:52","slug":"rationalk-expose-au-swiss-it-business","status":"publish","type":"post","link":"https:\/\/rationalk.ch\/blog\/rationalk-expose-au-swiss-it-business\/","title":{"rendered":"Rationalk expose au Swiss IT Business"},"content":{"rendered":"<p>Rationalk pr\u00e9sentera ses solutions logicielles au salon <a href=\"http:\/\/www.salon-ecom.com\/\">Swiss IT Business<\/a> (SITB) les 24 et 25 avril \u00e0 Gen\u00e8ve (Palexpo).<\/p>\n<p><img data-recalc-dims=\"1\" loading=\"lazy\" decoding=\"async\" class=\"aligncenter size-full wp-image-1147\" src=\"https:\/\/i0.wp.com\/rationalk.ch\/blog\/wp-content\/uploads\/2017\/12\/banner_SITB_2018.jpg?resize=580%2C159&#038;ssl=1\" alt=\"\" width=\"580\" height=\"159\" srcset=\"https:\/\/i0.wp.com\/rationalk.ch\/blog\/wp-content\/uploads\/2017\/12\/banner_SITB_2018.jpg?w=650&amp;ssl=1 650w, https:\/\/i0.wp.com\/rationalk.ch\/blog\/wp-content\/uploads\/2017\/12\/banner_SITB_2018.jpg?resize=300%2C82&amp;ssl=1 300w\" sizes=\"auto, (max-width: 580px) 100vw, 580px\" \/><\/p>\n<p>Rationalk d\u00e9veloppe des solutions sur-mesure dans les domaines :<\/p>\n<ul>\n<li>Gestion du savoir<\/li>\n<li><a href=\"https:\/\/rationalk.ch\/dms\">Gestion documentaire<\/a><\/li>\n<li><a href=\"https:\/\/rationalk.ch\/pm\">Gestion de projet<\/a><\/li>\n<\/ul>\n","protected":false},"excerpt":{"rendered":"<p>Rationalk pr\u00e9sentera ses solutions logicielles au salon Swiss IT Business (SITB) les 24 et 25 avril \u00e0 Gen\u00e8ve (Palexpo). Rationalk d\u00e9veloppe des solutions sur-mesure dans les domaines : Gestion du savoir Gestion documentaire Gestion de projet<\/p>\n","protected":false},"author":1,"featured_media":0,"comment_status":"closed","ping_status":"closed","sticky":false,"template":"","format":"standard","meta":{"_jetpack_memberships_contains_paid_content":false,"footnotes":"","jetpack_publicize_message":"","jetpack_publicize_feature_enabled":true,"jetpack_social_post_already_shared":true,"jetpack_social_options":{"image_generator_settings":{"template":"highway","default_image_id":0,"enabled":false},"version":2}},"categories":[3],"tags":[],"class_list":["post-1146","post","type-post","status-publish","format-standard","hentry","category-lifestyle"],"jetpack_publicize_connections":[],"jetpack_featured_media_url":"","jetpack_sharing_enabled":true,"jetpack-related-posts":[],"_links":{"self":[{"href":"https:\/\/rationalk.ch\/blog\/wp-json\/wp\/v2\/posts\/1146","targetHints":{"allow":["GET"]}}],"collection":[{"href":"https:\/\/rationalk.ch\/blog\/wp-json\/wp\/v2\/posts"}],"about":[{"href":"https:\/\/rationalk.ch\/blog\/wp-json\/wp\/v2\/types\/post"}],"author":[{"embeddable":true,"href":"https:\/\/rationalk.ch\/blog\/wp-json\/wp\/v2\/users\/1"}],"replies":[{"embeddable":true,"href":"https:\/\/rationalk.ch\/blog\/wp-json\/wp\/v2\/comments?post=1146"}],"version-history":[{"count":0,"href":"https:\/\/rationalk.ch\/blog\/wp-json\/wp\/v2\/posts\/1146\/revisions"}],"wp:attachment":[{"href":"https:\/\/rationalk.ch\/blog\/wp-json\/wp\/v2\/media?parent=1146"}],"wp:term":[{"taxonomy":"category","embeddable":true,"href":"https:\/\/rationalk.ch\/blog\/wp-json\/wp\/v2\/categories?post=1146"},{"taxonomy":"post_tag","embeddable":true,"href":"https:\/\/rationalk.ch\/blog\/wp-json\/wp\/v2\/tags?post=1146"}],"curies":[{"name":"wp","href":"https:\/\/api.w.org\/{rel}","templated":true}]}}