{"id":1731,"date":"2019-01-28T14:36:47","date_gmt":"2019-01-28T12:36:47","guid":{"rendered":"https:\/\/thomasdt.com\/?p=1731"},"modified":"2019-01-28T14:36:47","modified_gmt":"2019-01-28T12:36:47","slug":"avertir-lors-dun-soucis-projet","status":"publish","type":"post","link":"https:\/\/rationalk.ch\/blog\/avertir-lors-dun-soucis-projet\/","title":{"rendered":"Avertir lors d&rsquo;un soucis projet"},"content":{"rendered":"\n<p>Comment faire remonter un probl\u00e8me projet au management, au chef de projet ou au chef de groupe ? Vous pouvez attendre le dernier moment et mettre en p\u00e9ril le projet ou alors utiliser le syst\u00e8me d&rsquo;avertissement de Rationalk.<\/p>\n\n\n\n<figure class=\"wp-block-image\"><img data-recalc-dims=\"1\" loading=\"lazy\" decoding=\"async\" width=\"580\" height=\"367\" src=\"https:\/\/i0.wp.com\/rationalk.ch\/blog\/wp-content\/uploads\/2019\/01\/switzerland-1282508_640.jpg?resize=580%2C367&#038;ssl=1\" alt=\"\" class=\"wp-image-1735\" srcset=\"https:\/\/i0.wp.com\/rationalk.ch\/blog\/wp-content\/uploads\/2019\/01\/switzerland-1282508_640.jpg?w=640&amp;ssl=1 640w, https:\/\/i0.wp.com\/rationalk.ch\/blog\/wp-content\/uploads\/2019\/01\/switzerland-1282508_640.jpg?resize=300%2C190&amp;ssl=1 300w\" sizes=\"auto, (max-width: 580px) 100vw, 580px\" \/><figcaption>Agiter un drapeau dans le projet avant la catastrophe<\/figcaption><\/figure>\n\n\n\n<figure class=\"wp-block-image\"><img data-recalc-dims=\"1\" loading=\"lazy\" decoding=\"async\" width=\"580\" height=\"425\" src=\"https:\/\/i0.wp.com\/rationalk.ch\/blog\/wp-content\/uploads\/2019\/01\/Screenshot-2019-01-28-at-13.26.56.png?resize=580%2C425&#038;ssl=1\" alt=\"\" class=\"wp-image-1732\" srcset=\"https:\/\/i0.wp.com\/rationalk.ch\/blog\/wp-content\/uploads\/2019\/01\/Screenshot-2019-01-28-at-13.26.56.png?w=2376&amp;ssl=1 2376w, https:\/\/i0.wp.com\/rationalk.ch\/blog\/wp-content\/uploads\/2019\/01\/Screenshot-2019-01-28-at-13.26.56.png?resize=300%2C220&amp;ssl=1 300w, https:\/\/i0.wp.com\/rationalk.ch\/blog\/wp-content\/uploads\/2019\/01\/Screenshot-2019-01-28-at-13.26.56.png?resize=768%2C563&amp;ssl=1 768w, https:\/\/i0.wp.com\/rationalk.ch\/blog\/wp-content\/uploads\/2019\/01\/Screenshot-2019-01-28-at-13.26.56.png?resize=1024%2C751&amp;ssl=1 1024w, https:\/\/i0.wp.com\/rationalk.ch\/blog\/wp-content\/uploads\/2019\/01\/Screenshot-2019-01-28-at-13.26.56.png?resize=1568%2C1150&amp;ssl=1 1568w, https:\/\/i0.wp.com\/rationalk.ch\/blog\/wp-content\/uploads\/2019\/01\/Screenshot-2019-01-28-at-13.26.56.png?w=1160&amp;ssl=1 1160w, https:\/\/i0.wp.com\/rationalk.ch\/blog\/wp-content\/uploads\/2019\/01\/Screenshot-2019-01-28-at-13.26.56.png?w=1740&amp;ssl=1 1740w\" sizes=\"auto, (max-width: 580px) 100vw, 580px\" \/><figcaption> Attirer l&rsquo;attention sur un projet pour le rendre visible lors de la revue de projets<\/figcaption><\/figure>\n\n\n\n<p>Il y a plusieurs mois j&rsquo;avais \u00e9crit un article sur l&rsquo;<a href=\"https:\/\/thomasdt.com\/escalation-des-taches\/\">escalation des t\u00e2ches<\/a>. Nous avons simplifi\u00e9 la fonction et nous l&rsquo;avons \u00e9tendue au niveau du projet. En anglais on appelle cela \u00ab\u00a0wave a flag\u00a0\u00bb (agiter un drapeau)<\/p>\n\n\n\n<figure class=\"wp-block-image\"><img data-recalc-dims=\"1\" loading=\"lazy\" decoding=\"async\" width=\"580\" height=\"353\" src=\"https:\/\/i0.wp.com\/rationalk.ch\/blog\/wp-content\/uploads\/2019\/01\/Screenshot-2019-01-28-at-13.22.55.png?resize=580%2C353&#038;ssl=1\" alt=\"\" class=\"wp-image-1733\" srcset=\"https:\/\/i0.wp.com\/rationalk.ch\/blog\/wp-content\/uploads\/2019\/01\/Screenshot-2019-01-28-at-13.22.55.png?w=2736&amp;ssl=1 2736w, https:\/\/i0.wp.com\/rationalk.ch\/blog\/wp-content\/uploads\/2019\/01\/Screenshot-2019-01-28-at-13.22.55.png?resize=300%2C183&amp;ssl=1 300w, https:\/\/i0.wp.com\/rationalk.ch\/blog\/wp-content\/uploads\/2019\/01\/Screenshot-2019-01-28-at-13.22.55.png?resize=768%2C468&amp;ssl=1 768w, https:\/\/i0.wp.com\/rationalk.ch\/blog\/wp-content\/uploads\/2019\/01\/Screenshot-2019-01-28-at-13.22.55.png?resize=1024%2C624&amp;ssl=1 1024w, https:\/\/i0.wp.com\/rationalk.ch\/blog\/wp-content\/uploads\/2019\/01\/Screenshot-2019-01-28-at-13.22.55.png?resize=1568%2C955&amp;ssl=1 1568w, https:\/\/i0.wp.com\/rationalk.ch\/blog\/wp-content\/uploads\/2019\/01\/Screenshot-2019-01-28-at-13.22.55.png?w=1160&amp;ssl=1 1160w, https:\/\/i0.wp.com\/rationalk.ch\/blog\/wp-content\/uploads\/2019\/01\/Screenshot-2019-01-28-at-13.22.55.png?w=1740&amp;ssl=1 1740w\" sizes=\"auto, (max-width: 580px) 100vw, 580px\" \/><figcaption>Attirer l&rsquo;attention sur une t\u00e2che pour la rendre visible dans les Kanban et les checklists<\/figcaption><\/figure>\n","protected":false},"excerpt":{"rendered":"<p>Comment faire remonter un probl\u00e8me projet au management, au chef de projet ou au chef de groupe ? Vous pouvez attendre le dernier moment et mettre en p\u00e9ril le projet ou alors utiliser le syst\u00e8me d&rsquo;avertissement de Rationalk. Il y a plusieurs mois j&rsquo;avais \u00e9crit un article sur l&rsquo;escalation des t\u00e2ches. Nous avons simplifi\u00e9 la [&hellip;]<\/p>\n","protected":false},"author":1,"featured_media":0,"comment_status":"closed","ping_status":"closed","sticky":false,"template":"","format":"standard","meta":{"_jetpack_memberships_contains_paid_content":false,"footnotes":"","jetpack_publicize_message":"Avertir lors d'un soucis projet avec le ","jetpack_publicize_feature_enabled":true,"jetpack_social_post_already_shared":true,"jetpack_social_options":{"image_generator_settings":{"template":"highway","default_image_id":0,"enabled":false},"version":2}},"categories":[6],"tags":[],"class_list":["post-1731","post","type-post","status-publish","format-standard","hentry","category-rationalk"],"jetpack_publicize_connections":[],"jetpack_featured_media_url":"","jetpack_sharing_enabled":true,"jetpack-related-posts":[],"_links":{"self":[{"href":"https:\/\/rationalk.ch\/blog\/wp-json\/wp\/v2\/posts\/1731","targetHints":{"allow":["GET"]}}],"collection":[{"href":"https:\/\/rationalk.ch\/blog\/wp-json\/wp\/v2\/posts"}],"about":[{"href":"https:\/\/rationalk.ch\/blog\/wp-json\/wp\/v2\/types\/post"}],"author":[{"embeddable":true,"href":"https:\/\/rationalk.ch\/blog\/wp-json\/wp\/v2\/users\/1"}],"replies":[{"embeddable":true,"href":"https:\/\/rationalk.ch\/blog\/wp-json\/wp\/v2\/comments?post=1731"}],"version-history":[{"count":0,"href":"https:\/\/rationalk.ch\/blog\/wp-json\/wp\/v2\/posts\/1731\/revisions"}],"wp:attachment":[{"href":"https:\/\/rationalk.ch\/blog\/wp-json\/wp\/v2\/media?parent=1731"}],"wp:term":[{"taxonomy":"category","embeddable":true,"href":"https:\/\/rationalk.ch\/blog\/wp-json\/wp\/v2\/categories?post=1731"},{"taxonomy":"post_tag","embeddable":true,"href":"https:\/\/rationalk.ch\/blog\/wp-json\/wp\/v2\/tags?post=1731"}],"curies":[{"name":"wp","href":"https:\/\/api.w.org\/{rel}","templated":true}]}}