{"id":2289,"date":"2019-09-04T13:18:07","date_gmt":"2019-09-04T11:18:07","guid":{"rendered":"https:\/\/rationalk.ch\/blog\/?p=2289"},"modified":"2019-09-04T13:18:07","modified_gmt":"2019-09-04T11:18:07","slug":"application-ipad-pour-la-saisie-des-heures-dans-latelier","status":"publish","type":"post","link":"https:\/\/rationalk.ch\/blog\/application-ipad-pour-la-saisie-des-heures-dans-latelier\/","title":{"rendered":"Application iPad pour la saisie des heures dans l&rsquo;atelier"},"content":{"rendered":"\n<p>Nous avons d\u00e9velopp\u00e9 un application destin\u00e9e au personnel travaillant dans les ateliers pour la saisie des heures sur les diff\u00e9rents projets (ou ordres de fabrication).<\/p>\n\n\n\n<p>Comment cela fonctionne :<\/p>\n\n\n\n<ul class=\"wp-block-list\"><li>Placer un iPad (ou tout autre tablette) dans un coin de l&rsquo;atelier<\/li><li>Apr\u00e8s avoir travaill\u00e9 sur une t\u00e2che, la personne saisie le num\u00e9ro de projet, son nom et le temps pass\u00e9 dans l&rsquo;application.<\/li><li>Un gestionnaire de projet peut facilement suivre la rentabilit\u00e9 d&rsquo;un projet (\u00e0 travers la somme des heures enregistr\u00e9es)<\/li><\/ul>\n\n\n\n<div class=\"wp-block-image\"><figure class=\"aligncenter\"><a href=\"https:\/\/i0.wp.com\/rationalk.ch\/blog\/wp-content\/uploads\/2019\/09\/Screenshot-2019-09-04-at-13.12.13.png?ssl=1\"><img data-recalc-dims=\"1\" loading=\"lazy\" decoding=\"async\" width=\"580\" height=\"771\" src=\"https:\/\/i0.wp.com\/rationalk.ch\/blog\/wp-content\/uploads\/2019\/09\/Screenshot-2019-09-04-at-13.12.13.png?resize=580%2C771&#038;ssl=1\" alt=\"\" class=\"wp-image-2290\" srcset=\"https:\/\/i0.wp.com\/rationalk.ch\/blog\/wp-content\/uploads\/2019\/09\/Screenshot-2019-09-04-at-13.12.13.png?w=591&amp;ssl=1 591w, https:\/\/i0.wp.com\/rationalk.ch\/blog\/wp-content\/uploads\/2019\/09\/Screenshot-2019-09-04-at-13.12.13.png?resize=226%2C300&amp;ssl=1 226w\" sizes=\"auto, (max-width: 580px) 100vw, 580px\" \/><\/a><figcaption>Choix du projet<\/figcaption><\/figure><\/div>\n\n\n\n<div class=\"wp-block-image\"><figure class=\"aligncenter\"><a href=\"https:\/\/i0.wp.com\/rationalk.ch\/blog\/wp-content\/uploads\/2019\/09\/Screenshot-2019-09-04-at-13.11.53.png?ssl=1\"><img data-recalc-dims=\"1\" loading=\"lazy\" decoding=\"async\" width=\"580\" height=\"772\" src=\"https:\/\/i0.wp.com\/rationalk.ch\/blog\/wp-content\/uploads\/2019\/09\/Screenshot-2019-09-04-at-13.11.53.png?resize=580%2C772&#038;ssl=1\" alt=\"\" class=\"wp-image-2291\" srcset=\"https:\/\/i0.wp.com\/rationalk.ch\/blog\/wp-content\/uploads\/2019\/09\/Screenshot-2019-09-04-at-13.11.53.png?w=592&amp;ssl=1 592w, https:\/\/i0.wp.com\/rationalk.ch\/blog\/wp-content\/uploads\/2019\/09\/Screenshot-2019-09-04-at-13.11.53.png?resize=225%2C300&amp;ssl=1 225w\" sizes=\"auto, (max-width: 580px) 100vw, 580px\" \/><\/a><figcaption>Saisie de son nom et du temps pass\u00e9 et d&rsquo;un commentaire (optionnel)<\/figcaption><\/figure><\/div>\n\n\n\n<p>L&rsquo;application se connecte au logiciel de <a href=\"https:\/\/rationalk.ch\">gestion de projet Rationalk<\/a> qui permet d&rsquo;avoir une vue claire et pr\u00e9cises de tous les projets de l&rsquo;entreprise. Le chef de projet va pouvoir v\u00e9rifier le temps de travail r\u00e9el pass\u00e9 par rapport \u00e0 ce qui avait \u00e9t\u00e9 budg\u00e9t\u00e9.<\/p>\n\n\n\n<p>Pour toute information : <a href=\"mailto:info@rationalk.ch\">info@rationalk.ch<\/a> <\/p>\n","protected":false},"excerpt":{"rendered":"<p>Nous avons d\u00e9velopp\u00e9 un application destin\u00e9e au personnel travaillant dans les ateliers pour la saisie des heures sur les diff\u00e9rents projets (ou ordres de fabrication). Comment cela fonctionne : Placer un iPad (ou tout autre tablette) dans un coin de l&rsquo;atelier Apr\u00e8s avoir travaill\u00e9 sur une t\u00e2che, la personne saisie le num\u00e9ro de projet, son [&hellip;]<\/p>\n","protected":false},"author":1,"featured_media":0,"comment_status":"open","ping_status":"open","sticky":false,"template":"","format":"standard","meta":{"_jetpack_memberships_contains_paid_content":false,"footnotes":"","jetpack_publicize_message":"Application iPad pour la saisie des heures dans l'atelier. Simple et en lien avec la comptabilit\u00e9 du projet.","jetpack_publicize_feature_enabled":true,"jetpack_social_post_already_shared":true,"jetpack_social_options":{"image_generator_settings":{"template":"highway","default_image_id":0,"enabled":false},"version":2}},"categories":[6],"tags":[],"class_list":["post-2289","post","type-post","status-publish","format-standard","hentry","category-rationalk"],"jetpack_publicize_connections":[],"jetpack_featured_media_url":"","jetpack_sharing_enabled":true,"jetpack-related-posts":[],"_links":{"self":[{"href":"https:\/\/rationalk.ch\/blog\/wp-json\/wp\/v2\/posts\/2289","targetHints":{"allow":["GET"]}}],"collection":[{"href":"https:\/\/rationalk.ch\/blog\/wp-json\/wp\/v2\/posts"}],"about":[{"href":"https:\/\/rationalk.ch\/blog\/wp-json\/wp\/v2\/types\/post"}],"author":[{"embeddable":true,"href":"https:\/\/rationalk.ch\/blog\/wp-json\/wp\/v2\/users\/1"}],"replies":[{"embeddable":true,"href":"https:\/\/rationalk.ch\/blog\/wp-json\/wp\/v2\/comments?post=2289"}],"version-history":[{"count":1,"href":"https:\/\/rationalk.ch\/blog\/wp-json\/wp\/v2\/posts\/2289\/revisions"}],"predecessor-version":[{"id":2292,"href":"https:\/\/rationalk.ch\/blog\/wp-json\/wp\/v2\/posts\/2289\/revisions\/2292"}],"wp:attachment":[{"href":"https:\/\/rationalk.ch\/blog\/wp-json\/wp\/v2\/media?parent=2289"}],"wp:term":[{"taxonomy":"category","embeddable":true,"href":"https:\/\/rationalk.ch\/blog\/wp-json\/wp\/v2\/categories?post=2289"},{"taxonomy":"post_tag","embeddable":true,"href":"https:\/\/rationalk.ch\/blog\/wp-json\/wp\/v2\/tags?post=2289"}],"curies":[{"name":"wp","href":"https:\/\/api.w.org\/{rel}","templated":true}]}}