{"id":2386,"date":"2020-03-25T10:02:25","date_gmt":"2020-03-25T08:02:25","guid":{"rendered":"https:\/\/rationalk.ch\/blog\/?p=2386"},"modified":"2020-03-25T10:02:25","modified_gmt":"2020-03-25T08:02:25","slug":"6-astuces-pour-les-chefs-de-projet-en-confinement","status":"publish","type":"post","link":"https:\/\/rationalk.ch\/blog\/6-astuces-pour-les-chefs-de-projet-en-confinement\/","title":{"rendered":"6 astuces pour les chefs de projet en confinement"},"content":{"rendered":"\n<p>La p\u00e9riode actuelle est difficile pour tous. Essayons tout de m\u00eame d&rsquo;y chercher des opportunit\u00e9s d&rsquo;am\u00e9lioration pour quand le rythme reprendra. Ce message s&rsquo;adresse aux chefs d&rsquo;entreprises et chefs de projets qui ont encore la possibilit\u00e9 de travailler depuis leur domicile.<\/p>\n\n\n\n<p>Voici 6 conseils pour pr\u00e9parer la rentr\u00e9e :<\/p>\n\n\n\n<p><strong>1. Repasser en revue votre check liste projet.<\/strong> Chaque nouveau projet doit d\u00e9marrer selon un mod\u00e8le que vous avez soigneusement affiner au fils des projets. Est-ce que le mod\u00e8le est suffisamment exhaustif ? Mettez-vous dans la peau d&rsquo;un nouvel employ\u00e9 : est-ce qu&rsquo;il arrivera \u00e0 mener \u00e0 bien un projet sans les connaissances que nous avons dans nos t\u00eates nous les anciens ? Chaque \u00e9tape du projet renvoie-t-elle vers un guide m\u00e9tier ou un article de votre base de connaissance ?<br><\/p>\n\n\n\n<div class=\"wp-block-image\"><figure class=\"aligncenter is-resized\"><img data-recalc-dims=\"1\" loading=\"lazy\" decoding=\"async\" src=\"https:\/\/i0.wp.com\/cdn.pixabay.com\/photo\/2019\/11\/07\/20\/24\/check-list-4609829_960_720.png?resize=214%2C175&#038;ssl=1\" alt=\"R\u00e9sultat de recherche d'images pour &quot;checklist&quot;\" width=\"214\" height=\"175\"\/><figcaption><strong>Repasser en revue votre check liste projet<\/strong><\/figcaption><\/figure><\/div>\n\n\n\n<p><strong>2. Consolider les estimatifs dans vos mod\u00e8les de projet.<\/strong> Les estimatifs de dur\u00e9es de t\u00e2ches, du nombre d&rsquo;heures pr\u00e9vues \u00e0 chaque phase du projet pour chacune des \u00e9quipes, les d\u00e9penses r\u00e9currentes \u00e0 planifier. <br>Nous savons que chaque projet a ses sp\u00e9cificit\u00e9s mais travailler sur une base d&rsquo;estimatifs g\u00e9n\u00e9riques (standard) vous permet de comparer votre <em>r\u00e9el<\/em> par rapport au <em>planifi\u00e9<\/em>. Cela est tr\u00e8s utile pour affiner vos devis en fonction des typologies de projet et des le\u00e7ons apprises sur les anciens projets.<\/p>\n\n\n\n<div class=\"wp-block-image\"><figure class=\"aligncenter is-resized\"><img data-recalc-dims=\"1\" loading=\"lazy\" decoding=\"async\" src=\"https:\/\/i0.wp.com\/p0.pxfuel.com\/preview\/80\/264\/875\/target-business-idea-growth.jpg?resize=271%2C180&#038;ssl=1\" alt=\"R\u00e9sultat de recherche d'images pour &quot;forecast planning&quot;\" width=\"271\" height=\"180\"\/><figcaption><strong>Consolider les estimatifs dans vos mod\u00e8les de projet<\/strong><\/figcaption><\/figure><\/div>\n\n\n\n<p><strong>3. Cr\u00e9er les \u00e9quipes projet d&rsquo;avance.<\/strong> Grouper les membres projets dans des \u00e9quipes fonctionnelles : Vente, R&amp;D, Mandat, Production, &#8230; Affecter les t\u00e2ches de vos mod\u00e8les de projets aux \u00e9quipes plut\u00f4t qu&rsquo;aux personnes nomm\u00e9es explicitement. Cela va permettre d&rsquo;optimiser la charge de travail d&rsquo;une \u00e9quipe globale en temps r\u00e9el. <br>Le moment venu (un peu avant le d\u00e9marrage effectif du travail), vous affecterez la t\u00e2che \u00e0 une personne en particulier. Ou encore mieux, si l&rsquo;\u00e9quipe s&rsquo;auto organise, une personne de l&rsquo;\u00e9quipe disponible peut s&rsquo;attribuer le travail (en mode Kanban).<\/p>\n\n\n\n<div class=\"wp-block-image\"><figure class=\"aligncenter size-large\"><img data-recalc-dims=\"1\" loading=\"lazy\" decoding=\"async\" width=\"344\" height=\"207\" src=\"https:\/\/i0.wp.com\/rationalk.ch\/blog\/wp-content\/uploads\/2020\/03\/Screenshot-2020-03-25-at-08.55.24.png?resize=344%2C207&#038;ssl=1\" alt=\"\" class=\"wp-image-2387\" srcset=\"https:\/\/i0.wp.com\/rationalk.ch\/blog\/wp-content\/uploads\/2020\/03\/Screenshot-2020-03-25-at-08.55.24.png?w=344&amp;ssl=1 344w, https:\/\/i0.wp.com\/rationalk.ch\/blog\/wp-content\/uploads\/2020\/03\/Screenshot-2020-03-25-at-08.55.24.png?resize=300%2C181&amp;ssl=1 300w\" sizes=\"auto, (max-width: 344px) 100vw, 344px\" \/><figcaption><strong>Cr\u00e9er les \u00e9quipes projet d&rsquo;avance<\/strong><\/figcaption><\/figure><\/div>\n\n\n\n<p><strong>4. Mettez en place un vocabulaire commun dans les projets.<\/strong> Lorsque vous utilisez les mots-cl\u00e9s et les diff\u00e9rentes options de cat\u00e9gorisations il est important de diffuser un vocabulaire commun aux coll\u00e8gues. Cela permettra de <em>faciliter la recherche<\/em> et les <em>extractions statistiques<\/em>.<\/p>\n\n\n\n<p>Exemples : <br>&#8211; Typologies de projet : R&amp;D, Interne, Etude, Mandat, Production, &#8230;<br>&#8211; Segments de march\u00e9 : M\u00e9dical, Alimentaire, Automobile, Biens de consommation, &#8230;<br>&#8211; Classification des t\u00e2ches : avant-projet, back-office, production, \u00e0 facturer, &#8230;<br>&#8211; Fichiers : offres, calculs, rapport client, &#8230;<\/p>\n\n\n\n<div class=\"wp-block-image\"><figure class=\"aligncenter is-resized\"><img data-recalc-dims=\"1\" loading=\"lazy\" decoding=\"async\" src=\"https:\/\/i0.wp.com\/cdn.pixabay.com\/photo\/2017\/03\/16\/04\/16\/tags-2148132_960_720.png?resize=164%2C161&#038;ssl=1\" alt=\"R\u00e9sultat de recherche d'images pour &quot;tags&quot;\" width=\"164\" height=\"161\"\/><figcaption><strong>Mettez en place un vocabulaire commun dans les projets<\/strong><\/figcaption><\/figure><\/div>\n\n\n\n<p><strong>5. Combattez les saisies \u00e0 double.<\/strong> C&rsquo;est un fl\u00e9au qui engendre une perte de temps, des risques d&rsquo;erreurs et une grande frustration.<br>&#8211; R\u00e9cup\u00e9rer l&rsquo;information n\u00e9cessaire au projet directement depuis les bases de donn\u00e9es des autres logiciels. Arr\u00eatez de demander aux gens des informations qu&rsquo;ils ont d\u00e9j\u00e0 saisi dans tel ou tel outil.<br>&#8211; Mettez \u00e0 disposition vos donn\u00e9es projets (avancement, temps pass\u00e9, fichiers du projet, pr\u00e9visions planning et financi\u00e8re, &#8230;) afin que les autres d\u00e9partements puissent acc\u00e9der \u00e0 cette information.<br><br>Cela demande que votre logiciel de gestion de projet soit correctement connect\u00e9 \u00e0 votre ERP, votre outil de comptabilit\u00e9, &#8230;<br><\/p>\n\n\n\n<div class=\"wp-block-image\"><figure class=\"aligncenter is-resized\"><img data-recalc-dims=\"1\" loading=\"lazy\" decoding=\"async\" src=\"https:\/\/i0.wp.com\/cdn.pixabay.com\/photo\/2019\/10\/31\/20\/24\/overwhelmed-4592797_960_720.jpg?resize=279%2C185&#038;ssl=1\" alt=\"R\u00e9sultat de recherche d'images pour &quot;overwhelmed&quot;\" width=\"279\" height=\"185\"\/><figcaption><strong>Combattez les saisies \u00e0 double<\/strong><\/figcaption><\/figure><\/div>\n\n\n\n<p><strong>6. Affiner vos indicateurs KPI.<\/strong> Que vous soyez gestionnaire d&rsquo;un portefeuille de projets ou \u00e0 la direction d&rsquo;un d\u00e9partement vous savez qu&rsquo;il est important d&rsquo;avoir en quasi temps r\u00e9el des informations juste sur la performance des projets. Est-ce que vous passez des heures dans Excel \u00e0 compiler des donn\u00e9es et \u00e0 remettre en forme des graphiques ? Etes-vous s\u00fbr que vos donn\u00e9es sont \u00e0 jour ? <br><br>Mettez en place des automatismes de traitement des indicateurs. Demandez-vous si chacun de vos indicateurs qui d\u00e9vient permette de d\u00e9duire une action concr\u00e8te \u00e0 entreprendre (sinon l&rsquo;indicateur est inad\u00e9quat) ? <\/p>\n\n\n\n<div class=\"wp-block-image\"><figure class=\"aligncenter size-large is-resized\"><img data-recalc-dims=\"1\" loading=\"lazy\" decoding=\"async\" src=\"https:\/\/i0.wp.com\/rationalk.ch\/blog\/wp-content\/uploads\/2020\/03\/image.png?resize=272%2C154&#038;ssl=1\" alt=\"\" class=\"wp-image-2388\" width=\"272\" height=\"154\" srcset=\"https:\/\/i0.wp.com\/rationalk.ch\/blog\/wp-content\/uploads\/2020\/03\/image.png?w=600&amp;ssl=1 600w, https:\/\/i0.wp.com\/rationalk.ch\/blog\/wp-content\/uploads\/2020\/03\/image.png?resize=300%2C171&amp;ssl=1 300w\" sizes=\"auto, (max-width: 272px) 100vw, 272px\" \/><figcaption><strong>Affiner vos indicateurs KPI<\/strong><\/figcaption><\/figure><\/div>\n\n\n\n<p>Si vous avez besoin d&rsquo;accompagnement dans le choix d&rsquo;un outil logiciel de gestion de projets adapt\u00e9 \u00e0 vos besoins, contactez nous : <a href=\"mailto:info@rationalk.ch\">info@rationalk.ch<\/a> ou au <a href=\"tel:+41768173346\">+41768173346<\/a>.<\/p>\n","protected":false},"excerpt":{"rendered":"<p>La p\u00e9riode actuelle est difficile pour tous. Essayons tout de m\u00eame d&rsquo;y chercher des opportunit\u00e9s d&rsquo;am\u00e9lioration pour quand le rythme reprendra. Ce message s&rsquo;adresse aux chefs d&rsquo;entreprises et chefs de projets qui ont encore la possibilit\u00e9 de travailler depuis leur domicile. Voici 6 conseils pour pr\u00e9parer la rentr\u00e9e : 1. Repasser en revue votre check [&hellip;]<\/p>\n","protected":false},"author":1,"featured_media":0,"comment_status":"open","ping_status":"open","sticky":false,"template":"","format":"standard","meta":{"_jetpack_memberships_contains_paid_content":false,"footnotes":"","jetpack_publicize_message":"6 astuces pour les chefs de projet en confinement. Comment pr\u00e9parer la \"rentr\u00e9e\". Les conseils de Rationalk.","jetpack_publicize_feature_enabled":true,"jetpack_social_post_already_shared":true,"jetpack_social_options":{"image_generator_settings":{"template":"highway","default_image_id":0,"enabled":false},"version":2}},"categories":[6],"tags":[],"class_list":["post-2386","post","type-post","status-publish","format-standard","hentry","category-rationalk"],"jetpack_publicize_connections":[],"jetpack_featured_media_url":"","jetpack_sharing_enabled":true,"jetpack-related-posts":[],"_links":{"self":[{"href":"https:\/\/rationalk.ch\/blog\/wp-json\/wp\/v2\/posts\/2386","targetHints":{"allow":["GET"]}}],"collection":[{"href":"https:\/\/rationalk.ch\/blog\/wp-json\/wp\/v2\/posts"}],"about":[{"href":"https:\/\/rationalk.ch\/blog\/wp-json\/wp\/v2\/types\/post"}],"author":[{"embeddable":true,"href":"https:\/\/rationalk.ch\/blog\/wp-json\/wp\/v2\/users\/1"}],"replies":[{"embeddable":true,"href":"https:\/\/rationalk.ch\/blog\/wp-json\/wp\/v2\/comments?post=2386"}],"version-history":[{"count":2,"href":"https:\/\/rationalk.ch\/blog\/wp-json\/wp\/v2\/posts\/2386\/revisions"}],"predecessor-version":[{"id":2390,"href":"https:\/\/rationalk.ch\/blog\/wp-json\/wp\/v2\/posts\/2386\/revisions\/2390"}],"wp:attachment":[{"href":"https:\/\/rationalk.ch\/blog\/wp-json\/wp\/v2\/media?parent=2386"}],"wp:term":[{"taxonomy":"category","embeddable":true,"href":"https:\/\/rationalk.ch\/blog\/wp-json\/wp\/v2\/categories?post=2386"},{"taxonomy":"post_tag","embeddable":true,"href":"https:\/\/rationalk.ch\/blog\/wp-json\/wp\/v2\/tags?post=2386"}],"curies":[{"name":"wp","href":"https:\/\/api.w.org\/{rel}","templated":true}]}}