{"id":2541,"date":"2020-10-27T13:43:58","date_gmt":"2020-10-27T11:43:58","guid":{"rendered":"https:\/\/rationalk.ch\/blog\/?p=2541"},"modified":"2020-10-27T13:43:58","modified_gmt":"2020-10-27T11:43:58","slug":"rationalk-pour-les-pme-de-sous-traitance","status":"publish","type":"post","link":"https:\/\/rationalk.ch\/blog\/rationalk-pour-les-pme-de-sous-traitance\/","title":{"rendered":"Rationalk pour les PME de sous-traitance"},"content":{"rendered":"\n<p>Rationalk est un outil de gestion de projets flexible qui s&rsquo;adapte aussi bien aux grands groupes industriels qu&rsquo;aux PME locales.<\/p>\n\n\n\n<p>Prenons l&rsquo;exemple d&rsquo;une <strong>PME qui travaille en sous-traitance dans la construction m\u00e9tallique<\/strong>. Les besoins sont tr\u00e8s concrets :<\/p>\n\n\n\n<ul class=\"wp-block-list\"><li>Suivre les commandes clients<\/li><li>Enregistrer le temps de travail des collaborateurs sur les commandes clients<\/li><li>Enregistrer la consommation de stock de mati\u00e8re premi\u00e8re sur les commandes clients<\/li><li>Facturer le client sur la base du temps pass\u00e9 et des consommations de stock<\/li><\/ul>\n\n\n\n<p>Une configuration simple du logiciel Rationalk permet de r\u00e9pondre parfaitement \u00e0 ce besoin.<\/p>\n\n\n\n<h2 class=\"wp-block-heading\">Cr\u00e9ation du projet<\/h2>\n\n\n\n<p>A la r\u00e9ception de la commande client, ouvrez un projet dans Rationalk. Le projet s&rsquo;appelle \u00ab\u00a0Affaire 1234\u00a0\u00bb, on y ajoute une image, les plans du client, la r\u00e9f\u00e9rence du client, &#8230; .<\/p>\n\n\n\n<div class=\"wp-block-image\"><figure class=\"aligncenter size-full\"><a href=\"https:\/\/i0.wp.com\/rationalk.ch\/blog\/wp-content\/uploads\/2020\/10\/Screenshot-2020-10-27-at-12.08.16.png?ssl=1\"><img data-recalc-dims=\"1\" loading=\"lazy\" decoding=\"async\" width=\"580\" height=\"482\" src=\"https:\/\/i0.wp.com\/rationalk.ch\/blog\/wp-content\/uploads\/2020\/10\/Screenshot-2020-10-27-at-12.08.16.png?resize=580%2C482&#038;ssl=1\" alt=\"\" class=\"wp-image-2542\" srcset=\"https:\/\/i0.wp.com\/rationalk.ch\/blog\/wp-content\/uploads\/2020\/10\/Screenshot-2020-10-27-at-12.08.16.png?w=1098&amp;ssl=1 1098w, https:\/\/i0.wp.com\/rationalk.ch\/blog\/wp-content\/uploads\/2020\/10\/Screenshot-2020-10-27-at-12.08.16.png?resize=300%2C249&amp;ssl=1 300w, https:\/\/i0.wp.com\/rationalk.ch\/blog\/wp-content\/uploads\/2020\/10\/Screenshot-2020-10-27-at-12.08.16.png?resize=1024%2C851&amp;ssl=1 1024w, https:\/\/i0.wp.com\/rationalk.ch\/blog\/wp-content\/uploads\/2020\/10\/Screenshot-2020-10-27-at-12.08.16.png?resize=768%2C639&amp;ssl=1 768w\" sizes=\"auto, (max-width: 580px) 100vw, 580px\" \/><\/a><figcaption>La fiche de base d&rsquo;un projet<\/figcaption><\/figure><\/div>\n\n\n\n<p>Si besoin, on peut g\u00e9rer les activit\u00e9s du projet avec une liste de t\u00e2che standard.<\/p>\n\n\n\n<h2 class=\"wp-block-heading\">Enregistrement du temps de travail<\/h2>\n\n\n\n<p>Chaque collaborateur peut utiliser le logiciel pour enregistrer son temps de travail sur le projet. Placer par exemple un ordinateur ou une tablette au milieu de l&rsquo;atelier.<\/p>\n\n\n\n<div class=\"wp-block-image\"><figure class=\"aligncenter size-full\"><a href=\"https:\/\/i0.wp.com\/rationalk.ch\/blog\/wp-content\/uploads\/2020\/10\/Screenshot-2020-10-27-at-12.14.13.png?ssl=1\"><img data-recalc-dims=\"1\" loading=\"lazy\" decoding=\"async\" width=\"580\" height=\"486\" src=\"https:\/\/i0.wp.com\/rationalk.ch\/blog\/wp-content\/uploads\/2020\/10\/Screenshot-2020-10-27-at-12.14.13.png?resize=580%2C486&#038;ssl=1\" alt=\"\" class=\"wp-image-2543\" srcset=\"https:\/\/i0.wp.com\/rationalk.ch\/blog\/wp-content\/uploads\/2020\/10\/Screenshot-2020-10-27-at-12.14.13.png?w=1142&amp;ssl=1 1142w, https:\/\/i0.wp.com\/rationalk.ch\/blog\/wp-content\/uploads\/2020\/10\/Screenshot-2020-10-27-at-12.14.13.png?resize=300%2C251&amp;ssl=1 300w, https:\/\/i0.wp.com\/rationalk.ch\/blog\/wp-content\/uploads\/2020\/10\/Screenshot-2020-10-27-at-12.14.13.png?resize=1024%2C858&amp;ssl=1 1024w, https:\/\/i0.wp.com\/rationalk.ch\/blog\/wp-content\/uploads\/2020\/10\/Screenshot-2020-10-27-at-12.14.13.png?resize=768%2C644&amp;ssl=1 768w\" sizes=\"auto, (max-width: 580px) 100vw, 580px\" \/><\/a><figcaption>Saisir le temps travaill\u00e9<\/figcaption><\/figure><\/div>\n\n\n\n<p>Il est possible de pr\u00e9ciser sur quelle t\u00e2che vous avez travaill\u00e9 :<\/p>\n\n\n\n<div class=\"wp-block-image\"><figure class=\"aligncenter size-large\"><a href=\"https:\/\/i0.wp.com\/rationalk.ch\/blog\/wp-content\/uploads\/2020\/10\/Screenshot-2020-10-27-at-12.17.03.png?ssl=1\"><img data-recalc-dims=\"1\" loading=\"lazy\" decoding=\"async\" width=\"580\" height=\"527\" src=\"https:\/\/i0.wp.com\/rationalk.ch\/blog\/wp-content\/uploads\/2020\/10\/Screenshot-2020-10-27-at-12.17.03.png?resize=580%2C527&#038;ssl=1\" alt=\"\" class=\"wp-image-2544\" srcset=\"https:\/\/i0.wp.com\/rationalk.ch\/blog\/wp-content\/uploads\/2020\/10\/Screenshot-2020-10-27-at-12.17.03.png?resize=1024%2C930&amp;ssl=1 1024w, https:\/\/i0.wp.com\/rationalk.ch\/blog\/wp-content\/uploads\/2020\/10\/Screenshot-2020-10-27-at-12.17.03.png?resize=300%2C272&amp;ssl=1 300w, https:\/\/i0.wp.com\/rationalk.ch\/blog\/wp-content\/uploads\/2020\/10\/Screenshot-2020-10-27-at-12.17.03.png?resize=768%2C697&amp;ssl=1 768w, https:\/\/i0.wp.com\/rationalk.ch\/blog\/wp-content\/uploads\/2020\/10\/Screenshot-2020-10-27-at-12.17.03.png?w=1098&amp;ssl=1 1098w\" sizes=\"auto, (max-width: 580px) 100vw, 580px\" \/><\/a><figcaption>Pr\u00e9ciser le travail effectu\u00e9<\/figcaption><\/figure><\/div>\n\n\n\n<h2 class=\"wp-block-heading\">G\u00e9rer le stock en lien avec chaque commande client<\/h2>\n\n\n\n<p>Rationalk dispose d&rsquo;un module pour la gestion stock simple et puissant. Il permet de suivre les produits command\u00e9s et de faire le lien entre le projet (l&rsquo;affaire client en cours) et la consommation de stock.<\/p>\n\n\n\n<p>Un op\u00e9rateur qui va prendre des produits en stock peut saisir le num\u00e9ro de projet concern\u00e9.<\/p>\n\n\n\n<div class=\"wp-block-image\"><figure class=\"aligncenter size-full\"><a href=\"https:\/\/i0.wp.com\/rationalk.ch\/blog\/wp-content\/uploads\/2020\/10\/Screenshot-2020-10-27-at-12.19.55.png?ssl=1\"><img data-recalc-dims=\"1\" loading=\"lazy\" decoding=\"async\" width=\"580\" height=\"666\" src=\"https:\/\/i0.wp.com\/rationalk.ch\/blog\/wp-content\/uploads\/2020\/10\/Screenshot-2020-10-27-at-12.19.55.png?resize=580%2C666&#038;ssl=1\" alt=\"\" class=\"wp-image-2545\" srcset=\"https:\/\/i0.wp.com\/rationalk.ch\/blog\/wp-content\/uploads\/2020\/10\/Screenshot-2020-10-27-at-12.19.55.png?w=891&amp;ssl=1 891w, https:\/\/i0.wp.com\/rationalk.ch\/blog\/wp-content\/uploads\/2020\/10\/Screenshot-2020-10-27-at-12.19.55.png?resize=261%2C300&amp;ssl=1 261w, https:\/\/i0.wp.com\/rationalk.ch\/blog\/wp-content\/uploads\/2020\/10\/Screenshot-2020-10-27-at-12.19.55.png?resize=768%2C882&amp;ssl=1 768w\" sizes=\"auto, (max-width: 580px) 100vw, 580px\" \/><\/a><figcaption>Consommer le stock sur un projet client<\/figcaption><\/figure><\/div>\n\n\n\n<h2 class=\"wp-block-heading\">Facturer le client<\/h2>\n\n\n\n<p>Le responsable de production ou la personne en charge de la comptabilit\u00e9 n&rsquo;a <strong>pas besoin de courir apr\u00e8s l&rsquo;information<\/strong> pour pr\u00e9parer la facture. Tout est visible dans le projet.<\/p>\n\n\n\n<div class=\"wp-block-image\"><figure class=\"aligncenter size-full\"><a href=\"https:\/\/i0.wp.com\/rationalk.ch\/blog\/wp-content\/uploads\/2020\/10\/Screenshot-2020-10-27-at-12.24.57.png?ssl=1\"><img data-recalc-dims=\"1\" loading=\"lazy\" decoding=\"async\" width=\"580\" height=\"448\" src=\"https:\/\/i0.wp.com\/rationalk.ch\/blog\/wp-content\/uploads\/2020\/10\/Screenshot-2020-10-27-at-12.24.57.png?resize=580%2C448&#038;ssl=1\" alt=\"\" class=\"wp-image-2546\" srcset=\"https:\/\/i0.wp.com\/rationalk.ch\/blog\/wp-content\/uploads\/2020\/10\/Screenshot-2020-10-27-at-12.24.57.png?w=1389&amp;ssl=1 1389w, https:\/\/i0.wp.com\/rationalk.ch\/blog\/wp-content\/uploads\/2020\/10\/Screenshot-2020-10-27-at-12.24.57.png?resize=300%2C232&amp;ssl=1 300w, https:\/\/i0.wp.com\/rationalk.ch\/blog\/wp-content\/uploads\/2020\/10\/Screenshot-2020-10-27-at-12.24.57.png?resize=1024%2C790&amp;ssl=1 1024w, https:\/\/i0.wp.com\/rationalk.ch\/blog\/wp-content\/uploads\/2020\/10\/Screenshot-2020-10-27-at-12.24.57.png?resize=768%2C593&amp;ssl=1 768w, https:\/\/i0.wp.com\/rationalk.ch\/blog\/wp-content\/uploads\/2020\/10\/Screenshot-2020-10-27-at-12.24.57.png?resize=1200%2C926&amp;ssl=1 1200w\" sizes=\"auto, (max-width: 580px) 100vw, 580px\" \/><\/a><figcaption>R\u00e9sum\u00e9 de tous les temps enregistr\u00e9s dans le projet<\/figcaption><\/figure><\/div>\n\n\n\n<div class=\"wp-block-image\"><figure class=\"aligncenter size-full\"><a href=\"https:\/\/i0.wp.com\/rationalk.ch\/blog\/wp-content\/uploads\/2020\/10\/Screenshot-2020-10-27-at-12.23.15.png?ssl=1\"><img data-recalc-dims=\"1\" loading=\"lazy\" decoding=\"async\" width=\"580\" height=\"350\" src=\"https:\/\/i0.wp.com\/rationalk.ch\/blog\/wp-content\/uploads\/2020\/10\/Screenshot-2020-10-27-at-12.23.15.png?resize=580%2C350&#038;ssl=1\" alt=\"\" class=\"wp-image-2547\" srcset=\"https:\/\/i0.wp.com\/rationalk.ch\/blog\/wp-content\/uploads\/2020\/10\/Screenshot-2020-10-27-at-12.23.15.png?w=1559&amp;ssl=1 1559w, https:\/\/i0.wp.com\/rationalk.ch\/blog\/wp-content\/uploads\/2020\/10\/Screenshot-2020-10-27-at-12.23.15.png?resize=300%2C181&amp;ssl=1 300w, https:\/\/i0.wp.com\/rationalk.ch\/blog\/wp-content\/uploads\/2020\/10\/Screenshot-2020-10-27-at-12.23.15.png?resize=1024%2C619&amp;ssl=1 1024w, https:\/\/i0.wp.com\/rationalk.ch\/blog\/wp-content\/uploads\/2020\/10\/Screenshot-2020-10-27-at-12.23.15.png?resize=768%2C464&amp;ssl=1 768w, https:\/\/i0.wp.com\/rationalk.ch\/blog\/wp-content\/uploads\/2020\/10\/Screenshot-2020-10-27-at-12.23.15.png?resize=1536%2C928&amp;ssl=1 1536w, https:\/\/i0.wp.com\/rationalk.ch\/blog\/wp-content\/uploads\/2020\/10\/Screenshot-2020-10-27-at-12.23.15.png?resize=1200%2C725&amp;ssl=1 1200w\" sizes=\"auto, (max-width: 580px) 100vw, 580px\" \/><\/a><figcaption>R\u00e9sum\u00e9 des stocks consomm\u00e9s pour le projet<\/figcaption><\/figure><\/div>\n\n\n\n<p>Impression de la facture en PDF directement depuis Rationalk. Il est possible d&rsquo;adapter le texte de la facture et les montant avant l&rsquo;envoi au client.<\/p>\n\n\n\n<div class=\"wp-block-image\"><figure class=\"aligncenter size-large\"><a href=\"https:\/\/i0.wp.com\/rationalk.ch\/blog\/wp-content\/uploads\/2020\/10\/Screenshot-2020-10-27-at-12.29.01.png?ssl=1\"><img data-recalc-dims=\"1\" loading=\"lazy\" decoding=\"async\" width=\"580\" height=\"617\" src=\"https:\/\/i0.wp.com\/rationalk.ch\/blog\/wp-content\/uploads\/2020\/10\/Screenshot-2020-10-27-at-12.29.01.png?resize=580%2C617&#038;ssl=1\" alt=\"\" class=\"wp-image-2548\" srcset=\"https:\/\/i0.wp.com\/rationalk.ch\/blog\/wp-content\/uploads\/2020\/10\/Screenshot-2020-10-27-at-12.29.01.png?w=733&amp;ssl=1 733w, https:\/\/i0.wp.com\/rationalk.ch\/blog\/wp-content\/uploads\/2020\/10\/Screenshot-2020-10-27-at-12.29.01.png?resize=282%2C300&amp;ssl=1 282w\" sizes=\"auto, (max-width: 580px) 100vw, 580px\" \/><\/a><figcaption>La facture PDF est modifiable avec votre propre logo<\/figcaption><\/figure><\/div>\n\n\n\n<h2 class=\"wp-block-heading\">De nombreuses possibilit\u00e9s<\/h2>\n\n\n\n<p>Rationalk est un outil qui \u00e9volue avec vos besoins. Si la PME grandit et ressent par exemple, le besoin de ma\u00eetriser son planning d&rsquo;atelier, Rationalk dispose d&rsquo;un module de planification.<\/p>\n\n\n\n<div class=\"wp-block-image\"><figure class=\"aligncenter size-full\"><a href=\"https:\/\/i0.wp.com\/rationalk.ch\/blog\/wp-content\/uploads\/2020\/10\/Screenshot-2020-10-27-at-12.33.21-1.png?ssl=1\"><img data-recalc-dims=\"1\" loading=\"lazy\" decoding=\"async\" width=\"580\" height=\"231\" src=\"https:\/\/i0.wp.com\/rationalk.ch\/blog\/wp-content\/uploads\/2020\/10\/Screenshot-2020-10-27-at-12.33.21-1.png?resize=580%2C231&#038;ssl=1\" alt=\"\" class=\"wp-image-2550\" srcset=\"https:\/\/i0.wp.com\/rationalk.ch\/blog\/wp-content\/uploads\/2020\/10\/Screenshot-2020-10-27-at-12.33.21-1.png?w=2032&amp;ssl=1 2032w, https:\/\/i0.wp.com\/rationalk.ch\/blog\/wp-content\/uploads\/2020\/10\/Screenshot-2020-10-27-at-12.33.21-1.png?resize=300%2C119&amp;ssl=1 300w, https:\/\/i0.wp.com\/rationalk.ch\/blog\/wp-content\/uploads\/2020\/10\/Screenshot-2020-10-27-at-12.33.21-1.png?resize=1024%2C408&amp;ssl=1 1024w, https:\/\/i0.wp.com\/rationalk.ch\/blog\/wp-content\/uploads\/2020\/10\/Screenshot-2020-10-27-at-12.33.21-1.png?resize=768%2C306&amp;ssl=1 768w, https:\/\/i0.wp.com\/rationalk.ch\/blog\/wp-content\/uploads\/2020\/10\/Screenshot-2020-10-27-at-12.33.21-1.png?resize=1536%2C612&amp;ssl=1 1536w, https:\/\/i0.wp.com\/rationalk.ch\/blog\/wp-content\/uploads\/2020\/10\/Screenshot-2020-10-27-at-12.33.21-1.png?resize=1200%2C478&amp;ssl=1 1200w, https:\/\/i0.wp.com\/rationalk.ch\/blog\/wp-content\/uploads\/2020\/10\/Screenshot-2020-10-27-at-12.33.21-1.png?resize=1980%2C788&amp;ssl=1 1980w, https:\/\/i0.wp.com\/rationalk.ch\/blog\/wp-content\/uploads\/2020\/10\/Screenshot-2020-10-27-at-12.33.21-1.png?w=1740&amp;ssl=1 1740w\" sizes=\"auto, (max-width: 580px) 100vw, 580px\" \/><\/a><figcaption>Module de planification pour atelier<\/figcaption><\/figure><\/div>\n\n\n\n<h2 class=\"wp-block-heading\">Conclusion<\/h2>\n\n\n\n<p>Rationalk est le partenaire id\u00e9al des PME \u00e0 la recherche d&rsquo;un digitalisation pragmatique tout en limitant les co\u00fbts. <\/p>\n\n\n\n<p>La mise en place d&rsquo;un tel outil avec une formation aux utilisateur prend une journ\u00e9e au maximum. <\/p>\n\n\n\n<p>En savoir plus sur le logiciel Rationalk et les tarifs : <a href=\"https:\/\/rationalk.ch\">https:\/\/rationalk.ch<\/a> ou directement 0768173346 (Thomas).<\/p>\n","protected":false},"excerpt":{"rendered":"<p>Rationalk est un outil de gestion de projets flexible qui s&rsquo;adapte aussi bien aux grands groupes industriels qu&rsquo;aux PME locales. Prenons l&rsquo;exemple d&rsquo;une PME qui travaille en sous-traitance dans la construction m\u00e9tallique. Les besoins sont tr\u00e8s concrets : Suivre les commandes clients Enregistrer le temps de travail des collaborateurs sur les commandes clients Enregistrer la [&hellip;]<\/p>\n","protected":false},"author":1,"featured_media":0,"comment_status":"closed","ping_status":"","sticky":false,"template":"","format":"standard","meta":{"_jetpack_memberships_contains_paid_content":false,"footnotes":"","jetpack_publicize_message":"Rationalk pour les PME de la sous-traitance. \n\/ 1. Suivre les commandes clients\n\/ 2. Enregistrer le temps de travail des collaborateurs sur les commandes clients\n\/ 3. Enregistrer la consommation de stock de mati\u00e8re premi\u00e8re\n\/ 4. Facturer le client.","jetpack_publicize_feature_enabled":true,"jetpack_social_post_already_shared":true,"jetpack_social_options":{"image_generator_settings":{"template":"highway","default_image_id":0,"enabled":false},"version":2}},"categories":[6],"tags":[],"class_list":["post-2541","post","type-post","status-publish","format-standard","hentry","category-rationalk"],"jetpack_publicize_connections":[],"jetpack_featured_media_url":"","jetpack_sharing_enabled":true,"jetpack-related-posts":[],"_links":{"self":[{"href":"https:\/\/rationalk.ch\/blog\/wp-json\/wp\/v2\/posts\/2541","targetHints":{"allow":["GET"]}}],"collection":[{"href":"https:\/\/rationalk.ch\/blog\/wp-json\/wp\/v2\/posts"}],"about":[{"href":"https:\/\/rationalk.ch\/blog\/wp-json\/wp\/v2\/types\/post"}],"author":[{"embeddable":true,"href":"https:\/\/rationalk.ch\/blog\/wp-json\/wp\/v2\/users\/1"}],"replies":[{"embeddable":true,"href":"https:\/\/rationalk.ch\/blog\/wp-json\/wp\/v2\/comments?post=2541"}],"version-history":[{"count":1,"href":"https:\/\/rationalk.ch\/blog\/wp-json\/wp\/v2\/posts\/2541\/revisions"}],"predecessor-version":[{"id":2551,"href":"https:\/\/rationalk.ch\/blog\/wp-json\/wp\/v2\/posts\/2541\/revisions\/2551"}],"wp:attachment":[{"href":"https:\/\/rationalk.ch\/blog\/wp-json\/wp\/v2\/media?parent=2541"}],"wp:term":[{"taxonomy":"category","embeddable":true,"href":"https:\/\/rationalk.ch\/blog\/wp-json\/wp\/v2\/categories?post=2541"},{"taxonomy":"post_tag","embeddable":true,"href":"https:\/\/rationalk.ch\/blog\/wp-json\/wp\/v2\/tags?post=2541"}],"curies":[{"name":"wp","href":"https:\/\/api.w.org\/{rel}","templated":true}]}}