{"id":2553,"date":"2020-11-10T09:58:47","date_gmt":"2020-11-10T07:58:47","guid":{"rendered":"https:\/\/rationalk.ch\/blog\/?p=2553"},"modified":"2020-11-10T09:59:09","modified_gmt":"2020-11-10T07:59:09","slug":"tache-a-plusieurs-dans-le-planning","status":"publish","type":"post","link":"https:\/\/rationalk.ch\/blog\/tache-a-plusieurs-dans-le-planning\/","title":{"rendered":"T\u00e2che \u00e0 plusieurs dans le planning"},"content":{"rendered":"\n<p>Rationalk est un outil de gestion de projets pour entreprise. La derni\u00e8re version du planning permet d&rsquo;affecter <strong>une t\u00e2che \u00e0 plusieurs collaborateurs<\/strong>.<\/p>\n\n\n\n<div class=\"wp-block-image\"><figure class=\"aligncenter size-large\"><img data-recalc-dims=\"1\" loading=\"lazy\" decoding=\"async\" width=\"580\" height=\"334\" src=\"https:\/\/i0.wp.com\/rationalk.ch\/blog\/wp-content\/uploads\/2020\/11\/Screenshot-2020-11-10-at-08.49.24.png?resize=580%2C334&#038;ssl=1\" alt=\"\" class=\"wp-image-2559\" srcset=\"https:\/\/i0.wp.com\/rationalk.ch\/blog\/wp-content\/uploads\/2020\/11\/Screenshot-2020-11-10-at-08.49.24.png?resize=1024%2C589&amp;ssl=1 1024w, https:\/\/i0.wp.com\/rationalk.ch\/blog\/wp-content\/uploads\/2020\/11\/Screenshot-2020-11-10-at-08.49.24.png?resize=300%2C173&amp;ssl=1 300w, https:\/\/i0.wp.com\/rationalk.ch\/blog\/wp-content\/uploads\/2020\/11\/Screenshot-2020-11-10-at-08.49.24.png?resize=768%2C442&amp;ssl=1 768w, https:\/\/i0.wp.com\/rationalk.ch\/blog\/wp-content\/uploads\/2020\/11\/Screenshot-2020-11-10-at-08.49.24.png?resize=1536%2C884&amp;ssl=1 1536w, https:\/\/i0.wp.com\/rationalk.ch\/blog\/wp-content\/uploads\/2020\/11\/Screenshot-2020-11-10-at-08.49.24.png?resize=1200%2C690&amp;ssl=1 1200w, https:\/\/i0.wp.com\/rationalk.ch\/blog\/wp-content\/uploads\/2020\/11\/Screenshot-2020-11-10-at-08.49.24.png?resize=1980%2C1139&amp;ssl=1 1980w, https:\/\/i0.wp.com\/rationalk.ch\/blog\/wp-content\/uploads\/2020\/11\/Screenshot-2020-11-10-at-08.49.24.png?w=2032&amp;ssl=1 2032w, https:\/\/i0.wp.com\/rationalk.ch\/blog\/wp-content\/uploads\/2020\/11\/Screenshot-2020-11-10-at-08.49.24.png?w=1740&amp;ssl=1 1740w\" sizes=\"auto, (max-width: 580px) 100vw, 580px\" \/><figcaption>La t\u00e2che est affect\u00e9 \u00e0 un collaborateur principal, plusieurs coll\u00e8gues additionnels et une machine de production<\/figcaption><\/figure><\/div>\n\n\n\n<p>Cela permet de d\u00e9placer de mani\u00e8re synchrone la t\u00e2che sur le planning.<\/p>\n\n\n\n<figure class=\"wp-block-embed-youtube aligncenter wp-block-embed is-type-video is-provider-youtube wp-embed-aspect-16-9 wp-has-aspect-ratio\"><div class=\"wp-block-embed__wrapper\">\n<iframe loading=\"lazy\" title=\"Planning multi user\" width=\"580\" height=\"326\" src=\"https:\/\/www.youtube.com\/embed\/qdsYkDQwK7U?feature=oembed\" frameborder=\"0\" allow=\"accelerometer; autoplay; clipboard-write; encrypted-media; gyroscope; picture-in-picture; web-share\" referrerpolicy=\"strict-origin-when-cross-origin\" allowfullscreen><\/iframe>\n<\/div><\/figure>\n\n\n\n<p>Nous avons ajouter \u00e9galement la possibilit\u00e9 de <strong>dupliquer une t\u00e2che<\/strong> pour acc\u00e9l\u00e9rer la s\u00e9ance de planification du lundi matin.<\/p>\n\n\n\n<p>Une nouvelle vue <strong>\u00e0 la semaine<\/strong> et de <strong>2 semaines<\/strong> permet de choisir l&rsquo;\u00e9chelle la plus adapt\u00e9e au rythme de travail.<\/p>\n\n\n\n<p>Voulez-vous \u00e9galement rationaliser votre fa\u00e7on de planifier ? Contactez-nous au 0768173346 ou <a href=\"mailto:info@rationalk.ch\">info@rationalk.ch<\/a>.<\/p>\n\n\n\n<p>La mise en place de notre outil de planning est fait en moins de 30 minutes !<\/p>\n\n\n\n<p><\/p>\n","protected":false},"excerpt":{"rendered":"<p>Rationalk est un outil de gestion de projets pour entreprise. La derni\u00e8re version du planning permet d&rsquo;affecter une t\u00e2che \u00e0 plusieurs collaborateurs. Cela permet de d\u00e9placer de mani\u00e8re synchrone la t\u00e2che sur le planning. Nous avons ajouter \u00e9galement la possibilit\u00e9 de dupliquer une t\u00e2che pour acc\u00e9l\u00e9rer la s\u00e9ance de planification du lundi matin. Une nouvelle [&hellip;]<\/p>\n","protected":false},"author":1,"featured_media":0,"comment_status":"closed","ping_status":"","sticky":false,"template":"","format":"standard","meta":{"_jetpack_memberships_contains_paid_content":false,"footnotes":"","jetpack_publicize_message":"T\u00e2che \u00e0 plusieurs dans le planning. La derni\u00e8re version du planning permet d'affecter une t\u00e2che \u00e0 plusieurs collaborateurs. Voulez-vous \u00e9galement rationaliser votre fa\u00e7on de planifier ? ","jetpack_publicize_feature_enabled":true,"jetpack_social_post_already_shared":true,"jetpack_social_options":{"image_generator_settings":{"template":"highway","default_image_id":0,"enabled":false},"version":2}},"categories":[6],"tags":[],"class_list":["post-2553","post","type-post","status-publish","format-standard","hentry","category-rationalk"],"jetpack_publicize_connections":[],"jetpack_featured_media_url":"","jetpack_sharing_enabled":true,"jetpack-related-posts":[],"_links":{"self":[{"href":"https:\/\/rationalk.ch\/blog\/wp-json\/wp\/v2\/posts\/2553","targetHints":{"allow":["GET"]}}],"collection":[{"href":"https:\/\/rationalk.ch\/blog\/wp-json\/wp\/v2\/posts"}],"about":[{"href":"https:\/\/rationalk.ch\/blog\/wp-json\/wp\/v2\/types\/post"}],"author":[{"embeddable":true,"href":"https:\/\/rationalk.ch\/blog\/wp-json\/wp\/v2\/users\/1"}],"replies":[{"embeddable":true,"href":"https:\/\/rationalk.ch\/blog\/wp-json\/wp\/v2\/comments?post=2553"}],"version-history":[{"count":2,"href":"https:\/\/rationalk.ch\/blog\/wp-json\/wp\/v2\/posts\/2553\/revisions"}],"predecessor-version":[{"id":2561,"href":"https:\/\/rationalk.ch\/blog\/wp-json\/wp\/v2\/posts\/2553\/revisions\/2561"}],"wp:attachment":[{"href":"https:\/\/rationalk.ch\/blog\/wp-json\/wp\/v2\/media?parent=2553"}],"wp:term":[{"taxonomy":"category","embeddable":true,"href":"https:\/\/rationalk.ch\/blog\/wp-json\/wp\/v2\/categories?post=2553"},{"taxonomy":"post_tag","embeddable":true,"href":"https:\/\/rationalk.ch\/blog\/wp-json\/wp\/v2\/tags?post=2553"}],"curies":[{"name":"wp","href":"https:\/\/api.w.org\/{rel}","templated":true}]}}